{"id":716,"date":"2017-03-21T13:18:00","date_gmt":"2017-03-21T16:18:00","guid":{"rendered":"http:\/\/aprenda2.org\/blog\/portugues\/?p=716"},"modified":"2025-10-30T15:49:17","modified_gmt":"2025-10-30T18:49:17","slug":"tv-globo-escolhe-aprenda2-para-falar-sobre-estrangeiros-aprendendo-portugues","status":"publish","type":"post","link":"https:\/\/aprenda2.org\/blog\/portugues\/tv-globo-escolhe-aprenda2-para-falar-sobre-estrangeiros-aprendendo-portugues\/","title":{"rendered":"TV Globo escolhe aprenda\u00b2 para falar sobre estrangeiros aprendendo portugu\u00eas"},"content":{"rendered":"<p style=\"text-align: justify;\">Foi com um grande prazer que recebemos ontem a rep\u00f3rter Neide Duarte e sua equipe, do canal de televis\u00e3o Rede Globo*, em nossa escola (unidade Vila Mariana).<\/p>\n<p style=\"text-align: justify;\">Daqui a alguns dias, voc\u00eas v\u00e3o poder assistir a telenovela \u2018\u2019Novo Mundo\u201d (Novela das 18h). Uma das protagonistas ser\u00e1 a princesa austr\u00edaca Leopoldina, acompanhada da professora de portugu\u00eas, Anna. Maria Leopoldina chegou ao Brasil em 1817 para se casar com Dom Pedro IV, rei de Portugal e imperador do Brasil. Ao chegar, ela encontra dificuldades de adapta\u00e7\u00e3o por causa da barreira lingu\u00edstica\/cultural.<\/p>\n<p style=\"text-align: justify;\">Foi nesse contexto que a rede Globo nos visitou ontem. Eles entrevistaram alunos estrangeiros que acabaram de chegar de pa\u00edses como o M\u00e9xico, Holanda e Coreia do Sul, assim como a francesa Audrey Conjat, cofundadora do projeto educativo aprenda\u00b2 (<a href=\"https:\/\/www.aprenda2.org\">www.aprenda2.org<\/a>). As perguntas deles focaram nos motivos da vinda de cada um ao Brasil e nas suas vis\u00f5es sobre o pa\u00eds e a cidade. Eles gravaram tamb\u00e9m parte de uma de nossas aulas de portugu\u00eas para estrangeiros.<\/p>\n<h4 style=\"text-align: center;\">\u00a0<\/h4>\n<p style=\"text-align: center;\"><a href=\"https:\/\/globoplay.globo.com\/v\/5744369\/\"><img loading=\"lazy\" decoding=\"async\" class=\"alignnone wp-image-719\" src=\"https:\/\/aprenda2.org\/blog\/portugues\/files\/2017\/03\/DSC_0521-Copia.jpg\" alt=\"\" width=\"631\" height=\"422\" srcset=\"https:\/\/aprenda2.org\/blog\/portugues\/files\/2017\/03\/DSC_0521-Copia.jpg 4056w, https:\/\/aprenda2.org\/blog\/portugues\/files\/2017\/03\/DSC_0521-Copia-300x201.jpg 300w, https:\/\/aprenda2.org\/blog\/portugues\/files\/2017\/03\/DSC_0521-Copia-768x514.jpg 768w, https:\/\/aprenda2.org\/blog\/portugues\/files\/2017\/03\/DSC_0521-Copia-1024x685.jpg 1024w, https:\/\/aprenda2.org\/blog\/portugues\/files\/2017\/03\/DSC_0521-Copia-310x207.jpg 310w, https:\/\/aprenda2.org\/blog\/portugues\/files\/2017\/03\/DSC_0521-Copia-960x642.jpg 960w\" sizes=\"auto, (max-width: 631px) 100vw, 631px\" \/><br \/><\/a><em>Uma aluna da escola e Neide Duarte<\/em><\/p>\n<p style=\"text-align: center;\"><a href=\"https:\/\/globoplay.globo.com\/v\/5744369\/\"><img loading=\"lazy\" decoding=\"async\" class=\"alignnone wp-image-763\" src=\"https:\/\/aprenda2.org\/blog\/portugues\/files\/2017\/03\/DSC_055455.jpg\" alt=\"\" width=\"635\" height=\"421\" srcset=\"https:\/\/aprenda2.org\/blog\/portugues\/files\/2017\/03\/DSC_055455.jpg 3704w, https:\/\/aprenda2.org\/blog\/portugues\/files\/2017\/03\/DSC_055455-300x199.jpg 300w, https:\/\/aprenda2.org\/blog\/portugues\/files\/2017\/03\/DSC_055455-768x509.jpg 768w, https:\/\/aprenda2.org\/blog\/portugues\/files\/2017\/03\/DSC_055455-1024x678.jpg 1024w, https:\/\/aprenda2.org\/blog\/portugues\/files\/2017\/03\/DSC_055455-310x205.jpg 310w, https:\/\/aprenda2.org\/blog\/portugues\/files\/2017\/03\/DSC_055455-960x636.jpg 960w\" sizes=\"auto, (max-width: 635px) 100vw, 635px\" \/><\/a><a href=\"https:\/\/aprenda2.org\/blog\/portugues\/files\/2017\/03\/DSC_0494-1.jpg\"><br \/><\/a><em>A equipe da Rede Globo<\/em><\/p>\n<p style=\"text-align: center;\"><a href=\"https:\/\/globoplay.globo.com\/v\/5744369\/\"><img loading=\"lazy\" decoding=\"async\" class=\"alignnone wp-image-717\" src=\"https:\/\/aprenda2.org\/blog\/portugues\/files\/2017\/03\/DSC_0535.jpg\" alt=\"\" width=\"631\" height=\"425\" srcset=\"https:\/\/aprenda2.org\/blog\/portugues\/files\/2017\/03\/DSC_0535.jpg 2838w, https:\/\/aprenda2.org\/blog\/portugues\/files\/2017\/03\/DSC_0535-300x202.jpg 300w, https:\/\/aprenda2.org\/blog\/portugues\/files\/2017\/03\/DSC_0535-768x517.jpg 768w, https:\/\/aprenda2.org\/blog\/portugues\/files\/2017\/03\/DSC_0535-1024x690.jpg 1024w, https:\/\/aprenda2.org\/blog\/portugues\/files\/2017\/03\/DSC_0535-310x209.jpg 310w, https:\/\/aprenda2.org\/blog\/portugues\/files\/2017\/03\/DSC_0535-960x646.jpg 960w\" sizes=\"auto, (max-width: 631px) 100vw, 631px\" \/><\/a><a href=\"https:\/\/aprenda2.org\/blog\/portugues\/files\/2017\/03\/DSC_0535.jpg\"><br \/><\/a><em>Neide Duarte e Audrey Conjat, a cofundadora e diretora pedag\u00f3gica\u00a0da escola\u00a0<\/em><\/p>\n<\/p>\n<p style=\"text-align: justify;\">A maioria dos estrangeiros explicou que eles vieram aqui para morar com parceiro(a) brasileiro(a) ou expatriado(a). Tamb\u00e9m falaram de suas dificuldades de adapta\u00e7\u00e3o. Audrey, por exemplo, explicou que ao chegar, ela teve que reaprender a falar, comer e a se comportar seguindo os c\u00f3digos sociais brasileiros.<\/p>\n<p style=\"text-align: justify;\">\u2018\u2019Eu venho de uma pequena cidade francesa de 1200 habitantes, por isso, quando cheguei em S\u00e3o Paulo, foi muito dif\u00edcil. Aqui, tudo \u00e9 muito! Muitas pessoas, muito barulho, muitos carros&#8230; Achava que ia ser assaltada a cada esquina! Como eu n\u00e3o conhecia o idioma e que os brasileiros falam muito, mesmo com desconhecidos na rua, eu ficava com medo de sair sozinha. Um dia, num sem\u00e1foro, uma pessoa come\u00e7ou a falar comigo. Eu respondi um N\u00c3O de um jeito muito \u00e1spero. Depois, percebi que era uma pessoa deficiente visual que estava pedindo ajuda para atravessar a rua. Eu fiquei com muita vergonha de mim mesma e nesse momento, eu resolvi me acalmar e come\u00e7ar a estudar o idioma portugu\u00eas.\u2019\u2019<\/p>\n<p style=\"text-align: justify;\">Os alunos estrangeiros tamb\u00e9m lembraram da dificuldade com a comida, bem diferente do pa\u00eds de origem. &#8220;Aqui, tem que aprender a comer arroz e feij\u00e3o todos os dias!&#8221; O Brasil oferece uma grande quantidade de frutas e legumes frescos durante o ano inteiro. Por\u00e9m, algum deles s\u00e3o pouco conhecidos l\u00e1 fora como, por exemplo, a mandioca, a mandioquinha, o chuchu, o quiabo&#8230;<\/p>\n<p style=\"text-align: justify;\">Os c\u00f3digos sociais mudam tamb\u00e9m. Os brasileiros s\u00e3o muito calorosos e gostam de tocar as pessoas. Em algumas culturas, quase nunca se toca. \u00c9 preciso se acostumar! Outras carater\u00edsticas: aqui, estamos vivendo em uma cultura indireta e contextual. Os brasileiros em geral evitam conflitos e n\u00e3o conseguem dizer \u2018\u2019N\u00e3o\u2019\u2019. A Audrey explica: \u2018\u2019no in\u00edcio, depois de uma festa, quando algu\u00e9m dizia \u2018\u2019Vamos beber um caf\u00e9 na pr\u00f3xima semana!\u2019\u2019 Eu realmente esperava que isso fosse acontecer, mas a pessoa nunca me passava o n\u00famero de telefone dela&#8230; Depois, eu entendi que a pessoa queria dizer: adorei a sua companhia, espero te encontrar novamente!\u2019\u2019<\/p>\n<p style=\"text-align: justify;\">Segue o link para a reportagem que foi ao ar em 22\/MAR\/2017:<\/p>\n<h3><a href=\"https:\/\/globoplay.globo.com\/v\/5744369\/\">https:\/\/globoplay.globo.com\/v\/5744369\/<\/a><\/h3>\n<\/p>\n<p><strong>* Rede Globo de Televis\u00e3o<\/strong>, chamada tamb\u00e9m de\u00a0<strong>Rede Globo<\/strong>,\u00a0<strong>TV Globo<\/strong>, ou mais simplesmente\u00a0<strong>Globo<\/strong>, \u00e9 a maior rede de televis\u00e3o do Brasil. Fonte: Wikipedia.<\/p>\n<\/p>\n<h2><strong>O Instituto aprenda\u00b2<\/strong><\/h2>\n<p>O Instituto aprenda\u00b2 (ou aprenda2) \u00e9 um projeto educativo de desenvolvimento de material did\u00e1tico e pedag\u00f3gico. N\u00f3s oferecemos aulas de portugu\u00eas brasileiro para estrangeiros, de franc\u00eas e ingl\u00eas para brasileiros e coaching em adapta\u00e7\u00e3o cultural. Estamos em S\u00e3o Paulo e no Rio de Janeiro. Trabalhamos com professores independentes nativos ou estrangeiros, ambos qualificados e com grande experi\u00eancia de ensino de l\u00ednguas e de cultura internacional. Temos orgulho de termos constru\u00eddo um ambiente de cria\u00e7\u00e3o de materiais e trocas de experi\u00eancias que d\u00e1 uma atmosfera especial para aprender e ensinar. Al\u00e9m de aulas, realizamos eventos sociais entre alunos, professores e amigos em geral, o que faz com que nossos alunos estrangeiros se sintam em casa e nossos alunos brasileiros tenham contato com diversas culturas. Somos um instituto franco-brasileiro associado \u00e0 C\u00e2mara de Com\u00e9rcio Fran\u00e7a-Brasil e, desde 2010, atuamos na \u00e1rea de idiomas e comunica\u00e7\u00e3o com:<\/p>\n<p><strong><br \/>Aulas de franc\u00eas e ingl\u00eas:<\/strong><\/p>\n<p>&#8211; Aulas particulares ou em pequenos grupos: o aluno pode escolher o melhor local para aprender (sua casa, seu trabalho etc.)<\/p>\n<p>&#8211; Grupo de professores nativos e formados nas melhores universidades (USP, UFRJ, PUC, etc&#8230;)<\/p>\n<p>&#8211; M\u00e9todo din\u00e2mico com m\u00faltipla abordagem: conversa\u00e7\u00e3o, turismo, neg\u00f3cios, cultura, etc.<\/p>\n<p>&#8211; Aulas Skype e online (parceria com Frantastique.com e Gymglish.com).<\/p>\n<p><strong><br \/>Aulas de portugu\u00eas para estrangeiros:<\/strong><\/p>\n<p>&#8211; Aulas particulares ou em grupo<\/p>\n<p>&#8211; M\u00e9todo din\u00e2mico baseado na comunica\u00e7\u00e3o oral e com muita aten\u00e7\u00e3o \u00e0 cultura brasileira<\/p>\n<p>&#8211; Equipe de professores nativos com qualifica\u00e7\u00f5es e muita experi\u00eancia<\/p>\n<p>&#8211; Doze diferentes n\u00edveis, curso preparat\u00f3rio para o exame oficial de profici\u00eancia em portugu\u00eas (Celpe-Bras)<\/p>\n<p>&#8211; Aulas Skype.<\/p>\n<p><strong>Projeto socioeducational:<\/strong><\/p>\n<p style=\"text-align: justify;\">Detalhes de nosso projeto na p\u00e1gina <a href=\"https:\/\/www.aprenda2.org\/projeto\">www.aprenda2.org\/projeto<\/a><\/p>\n<h2 style=\"text-align: justify;\">\u00a0<\/h2>\n<h2 style=\"text-align: justify;\"><strong><br \/>BandNews FM:<\/strong><\/h2>\n<p align=\"left\">No dia 19\/JUL\/2012, Audrey\u00a0foi uma das entrevistadas do programa Alta Frequ\u00eancia que, uma vez por semana, recebe estrangeiros nos est\u00fadios da <strong>BANDNEWS FM<\/strong> para falarem sobre a vida e as mudan\u00e7as de quem vem de fora para viver no Brasil.<\/p>\n<p align=\"left\"><a href=\"https:\/\/aprenda2.org\/audrey\/AF_1_1907.mp3\" target=\"_new\" rel=\"noopener\">&gt;&gt; Ouvir trecho da entrevista &lt;&lt;<\/a> (ou <a href=\"https:\/\/bandnewsfm.band.com.br\/Noticia.aspx?COD=607546&amp;Tipo=227\" target=\"_new\" rel=\"noopener\">aqui<\/a> no site oficial da BANDNEWS FM)<\/p>\n<p align=\"left\">\n\n\n<h1 class=\"wp-block-heading h1_aprenda2_about\">Sobre o Instituto aprenda\u00b2<\/h1>\n\n\n\n<h2 class=\"wp-block-heading\">Aulas de portugu\u00eas para estrangeiros<\/h2>\n\n\n\n<p>O m\u00e9todo <a rel=\"noreferrer noopener\" href=\"\/portugues\/\" target=\"_blank\">ALEGRIA<\/a> de ensino de portugu\u00eas para estrangeiros foi concebido atrav\u00e9s do casamento das experi\u00eancias como estrangeira da nossa cofundadora <a rel=\"noreferrer noopener\" href=\"\/audrey\/\" data-type=\"URL\" data-id=\"\/audrey\/\" target=\"_blank\">Audrey Conjat<\/a> e a expertise pedag\u00f3gica da nossa equipe de professores. Falando nos professores, eles v\u00eam das principais universidades do pa\u00eds: <strong>USP<\/strong>, <strong>UFRJ<\/strong>, <strong>UNICAMP<\/strong>, <strong>PUC<\/strong>&#8230;<\/p>\n\n\n\n<p>N\u00f3s tamb\u00e9m oferecemos um curso preparat\u00f3rio para o exame oficial do <a href=\"\/blog\/portugues\/o-que-e-o-exame-celpe-bras\/\">CELPE-BRAS<\/a>.<\/p>\n\n\n\n<p><strong>Entre em contato conosco para saber mais:<\/strong><br><strong>Email:<\/strong> <a rel=\"noreferrer noopener\" href=\"mailto:falecom@aprenda2.org\" target=\"_blank\">falecom@aprenda2.org<\/a><br><strong>WhatsApp:<\/strong> <a href=\"https:\/\/api.whatsapp.com\/send?phone=5511949390401&amp;text=Oi%21\">+55 11 9 4939 0401<\/a><\/p>\n\n\n<div class=\"wp-block-image\">\n<figure class=\"aligncenter size-large\"><a href=\"\/portugues\/\"><img decoding=\"async\" src=\"\/images\/blog\/pt-alegria-banner-1000x350.png\" alt=\"\"\/><\/a><\/figure><\/div>\n\n\n<h2 class=\"wp-block-heading\">Tradu\u00e7\u00e3o juramentada<\/h2>\n\n\n\n<p>A tradu\u00e7\u00e3o juramentada \u00e9 a&nbsp;tradu\u00e7\u00e3o&nbsp;feita por um tradutor p\u00fablico, tamb\u00e9m chamado de tradutor juramentado. O tradutor p\u00fablico, habilitado em um ou mais&nbsp;idiomas&nbsp;estrangeiros e Portugu\u00eas, \u00e9 nomeado e matriculado na&nbsp;junta comercial&nbsp;do seu estado de resid\u00eancia ap\u00f3s aprova\u00e7\u00e3o em concurso p\u00fablico.<br>Se voc\u00ea precisar, acesse o nosso servi\u00e7o de tradu\u00e7\u00f5es: <a href=\"\/traducoes\">www.aprenda2.org\/traducoes<\/a><\/p>\n\n\n\n<hr class=\"wp-block-separator has-alpha-channel-opacity\"\/>\n\n\n\n<div style=\"height:100px\" aria-hidden=\"true\" class=\"wp-block-spacer\"><\/div>\n\n\n\n<figure class=\"wp-block-embed is-type-video is-provider-youtube wp-block-embed-youtube wp-embed-aspect-16-9 wp-has-aspect-ratio\"><div class=\"wp-block-embed__wrapper\">\n<iframe loading=\"lazy\" title=\"Conhe\u00e7a a escola! Get to know the school!\" width=\"900\" height=\"506\" src=\"https:\/\/www.youtube.com\/embed\/kaBtDWTcGwY?feature=oembed\" frameborder=\"0\" allow=\"accelerometer; autoplay; clipboard-write; encrypted-media; gyroscope; picture-in-picture; web-share\" referrerpolicy=\"strict-origin-when-cross-origin\" allowfullscreen><\/iframe>\n<\/div><\/figure>\n","protected":false},"excerpt":{"rendered":"","protected":false},"author":4,"featured_media":770,"comment_status":"closed","ping_status":"open","sticky":false,"template":"","format":"standard","meta":{"footnotes":""},"categories":[31,4,5,6,7],"tags":[24,62,63,64,68,11,65,67,14,21,61],"class_list":["post-716","post","type-post","status-publish","format-standard","has-post-thumbnail","hentry","category-aprenda2","category-portugues-para-estrangeiros","category-projeto","category-rio-de-janeiro","category-sao-paulo","tag-aprenda2","tag-audrey-conjat","tag-estrangeiros","tag-globo","tag-jornal-hoje","tag-portugues-para-estrangeiros","tag-rede-globo","tag-reportagem","tag-sao-paulo","tag-sp","tag-vila-mariana"],"_links":{"self":[{"href":"https:\/\/aprenda2.org\/blog\/portugues\/wp-json\/wp\/v2\/posts\/716","targetHints":{"allow":["GET"]}}],"collection":[{"href":"https:\/\/aprenda2.org\/blog\/portugues\/wp-json\/wp\/v2\/posts"}],"about":[{"href":"https:\/\/aprenda2.org\/blog\/portugues\/wp-json\/wp\/v2\/types\/post"}],"author":[{"embeddable":true,"href":"https:\/\/aprenda2.org\/blog\/portugues\/wp-json\/wp\/v2\/users\/4"}],"replies":[{"embeddable":true,"href":"https:\/\/aprenda2.org\/blog\/portugues\/wp-json\/wp\/v2\/comments?post=716"}],"version-history":[{"count":52,"href":"https:\/\/aprenda2.org\/blog\/portugues\/wp-json\/wp\/v2\/posts\/716\/revisions"}],"predecessor-version":[{"id":1151,"href":"https:\/\/aprenda2.org\/blog\/portugues\/wp-json\/wp\/v2\/posts\/716\/revisions\/1151"}],"wp:featuredmedia":[{"embeddable":true,"href":"https:\/\/aprenda2.org\/blog\/portugues\/wp-json\/wp\/v2\/media\/770"}],"wp:attachment":[{"href":"https:\/\/aprenda2.org\/blog\/portugues\/wp-json\/wp\/v2\/media?parent=716"}],"wp:term":[{"taxonomy":"category","embeddable":true,"href":"https:\/\/aprenda2.org\/blog\/portugues\/wp-json\/wp\/v2\/categories?post=716"},{"taxonomy":"post_tag","embeddable":true,"href":"https:\/\/aprenda2.org\/blog\/portugues\/wp-json\/wp\/v2\/tags?post=716"}],"curies":[{"name":"wp","href":"https:\/\/api.w.org\/{rel}","templated":true}]}}