{"id":115,"date":"2022-04-22T23:51:16","date_gmt":"2022-04-22T23:51:16","guid":{"rendered":"http:\/\/aprenda2.org\/blog\/francais\/?p=115"},"modified":"2025-10-30T18:30:01","modified_gmt":"2025-10-30T18:30:01","slug":"je-suis-etranger-comment-faire-mon-cpf","status":"publish","type":"post","link":"https:\/\/aprenda2.org\/blog\/francais\/je-suis-etranger-comment-faire-mon-cpf\/","title":{"rendered":"Je suis \u00e9tranger. Comment faire mon CPF ?"},"content":{"rendered":"\n<h2 class=\"wp-block-heading\">CPF : qu\u2019est-ce que c\u2019est ?<\/h2>\n\n\n\n<p>Le <em>Cadastro de Pessoas F\u00edsicas<\/em> (CPF) est un document d\u2019enregistrement d\u2019un citoyen \u00e0 la <em>Receita Federal<\/em> (administration fiscale) du Br\u00e9sil. Il enregistre les contribuables (personnes physiques br\u00e9siliennes et \u00e9trang\u00e8res actives au Br\u00e9sil).<\/p>\n\n\n\n<p><span style=\"line-height: 1.5;\">En th\u00e9orie, vous n\u00b4\u00eates pas oblig\u00e9 d\u00b4avoir un num\u00e9ro de CPF. Cependant, si vous n\u2019en avez pas, vous&nbsp;<strong>ne pourrez pas effectuer certaines op\u00e9rations financi\u00e8res<\/strong>, comme acheter une carte SIM, ouvrir un compte en banque, ou m\u00eame faire de simples achats, ce qui peut compliquer la vie quotidienne d&rsquo;un \u00e9tranger au Br\u00e9sil.<\/span><\/p>\n\n\n\n<h2 class=\"wp-block-heading\">Versions du&nbsp;CPF<\/h2>\n\n\n\n<p>Le document du CPF a subi de nombreuses transformations au cours du temps, et ce depuis son introduction en 1969.<\/p>\n\n\n\n<p>\u00c0 cette \u00e9poque, le CPF s\u2019appelait CIC (Carte d\u2019Identification du Contribuable).<\/p>\n\n\n\n<p><span style=\"line-height: 1.5;\">Aujourd\u2019hui, le CPF est un num\u00e9ro g\u00e9n\u00e9r\u00e9 par le site de la <em>Receita Federal<\/em>. Autrement dit, il n\u2019existe plus de document physique en papier ou sous forme de carte en plastique.<\/span><\/p>\n\n\n<div class=\"wp-block-image\">\n<figure class=\"alignleft is-resized\"><a href=\"https:\/\/aprenda2.org\/blog\/portugues\/files\/2015\/02\/CPF1-270x170.jpg\"><img decoding=\"async\" src=\"https:\/\/aprenda2.org\/blog\/portugues\/files\/2015\/02\/CPF-INTERNET.jpg\" alt=\"CPF-INTERNET\" class=\"wp-image-137\" style=\"width:308px;height:236px\"\/><\/a><figcaption class=\"wp-element-caption\">Version actuelle du CPF (seulement les num\u00e9ros donn\u00e9s via internet)<\/figcaption><\/figure><\/div>\n\n<div class=\"wp-block-image wp-image-136\">\n<figure class=\"alignleft is-resized\"><img decoding=\"async\" src=\"https:\/\/aprenda2.org\/blog\/portugues\/files\/2015\/02\/CPF1-270x170.jpg\" alt=\"CPF1-270x170\" class=\"wp-image-136\" style=\"width:210px;height:132px\"\/><figcaption class=\"wp-element-caption\">Version 2000 du CPF (carte en plastique)<\/figcaption><\/figure><\/div>\n\n<div class=\"wp-block-image\">\n<figure class=\"alignleft is-resized\"><a href=\"https:\/\/aprenda2.org\/blog\/portugues\/files\/2015\/02\/cpf-1.jpg\"><img decoding=\"async\" src=\"https:\/\/aprenda2.org\/blog\/portugues\/files\/2015\/02\/cpf-1-300x199.jpg\" alt=\"cpf-1\" class=\"wp-image-135\" style=\"width:200px;height:134px\"\/><\/a><figcaption class=\"wp-element-caption\">Version des ann\u00e9es 80 et 90 (en papier)<\/figcaption><\/figure><\/div>\n\n<div class=\"wp-block-image\">\n<figure class=\"alignleft is-resized\"><a href=\"https:\/\/aprenda2.org\/blog\/portugues\/files\/2015\/02\/cic.jpg\"><img decoding=\"async\" src=\"https:\/\/aprenda2.org\/blog\/portugues\/files\/2015\/02\/cic-300x180.jpg\" alt=\"cic\" class=\"wp-image-134\" style=\"width:219px;height:131px\"\/><\/a><figcaption class=\"wp-element-caption\">CIC, le CPF des ann\u00e9es 70 (en papier)<\/figcaption><\/figure><\/div>\n\n\n<h2 class=\"wp-block-heading\">&nbsp;<\/h2>\n\n\n\n<div style=\"height:10px\" aria-hidden=\"true\" class=\"wp-block-spacer\"><\/div>\n\n\n\n<p>\u26a0 Il est important de noter que toutes les versions sus-mentionn\u00e9es sont toujours valides et actives.<\/p>\n\n\n\n<div style=\"height:10px\" aria-hidden=\"true\" class=\"wp-block-spacer\"><\/div>\n\n\n\n<h2 class=\"wp-block-heading\">Comment faire une demande de CPF par internet ?<\/h2>\n\n\n<div class=\"wp-block-image\">\n<figure class=\"alignright size-large is-resized\"><a href=\"https:\/\/www.flaticon.com\/free-icons\/internet\"><img decoding=\"async\" src=\"\/images\/blog\/internet.png\" alt=\"\" style=\"width:122px;height:122px\"\/><\/a><\/figure><\/div>\n\n\n<h3 class=\"wp-block-heading\">Sur le site de la \u00abReceita Federal\u00bb :<\/h3>\n\n\n\n<p>Un \u00e9tranger (r\u00e9sident au Br\u00e9sil ou de passage) peut faire une demande <strong>gratuite<\/strong> sur le <a href=\"https:\/\/receita.economia.gov.br\/orientacao\/tributaria\/cadastros\/cadastro-de-pessoas-fisicas-cpf\/servicos\/copy_of_inscricao-no-cpf\" target=\"_blank\" rel=\"noopener\">site de la \u00abReceita Federal\u00bb :<\/a><\/p>\n\n\n\n<p><a href=\"https:\/\/servicos.receita.fazenda.gov.br\/Servicos\/CPF\/InscricaoCpfEstrangeiro\/default.asp\" target=\"_blank\" rel=\"noopener\"> &gt;&gt; Lien du formulaire en ligne &lt;&lt; <\/a><\/p>\n\n\n\n<h3 class=\"wp-block-heading\">En envoyant un e-mail \u00e0 la \u00abReceita Federal\u00bb :<\/h3>\n\n\n\n<h4 class=\"wp-block-heading\">Seulement pour les residents de l\u2019Etat de S\u00e3o Paulo.<\/h4>\n\n\n\n<p>Un \u00e9tranger r\u00e9sident dans l\u2019<strong>\u00c9tat de S\u00e3o Paulo<\/strong> peut soliciter <strong>gratuitement<\/strong> son CPF en envoyant un e-mail \u00e0 la \u00abReceita Federal\u00bb :<\/p>\n\n\n\n<p>1) En envoyant un message \u00e0 l\u2019adresse suivante :<br><a href=\"mailto:atendimentorfb.08@rfb.gov.br\">atendimentorfb.08@rfb.gov.br<\/a><\/p>\n\n\n<div class=\"wp-block-image\">\n<figure class=\"alignright size-large is-resized\"><img decoding=\"async\" src=\"\/images\/blog\/fausto-sandoval-5q3vrOf4_D0-unsplash.jpg\" alt=\"\" style=\"width:400px;height:400px\"\/><figcaption class=\"wp-element-caption\">Un autoportrait (photo) tenant la pi\u00e8ce d\u2019identit\u00e9 \u00e0 la main, ouverte \u00e0 la page de la photo<\/figcaption><\/figure><\/div>\n\n\n<p>2) L\u2019e-mail doit contenir les informations suivantes :<br>\u2022 Nom complet (L&rsquo;ensemble des pr\u00e9noms et noms de famille) ;<br>\u2022 Adresse de r\u00e9sidence \u00e0 S\u00e3o Paulo ;<br>\u2022 Num\u00e9ro de t\u00e9l\u00e9phone o\u00f9 \u00eatre joint ;<br>\u2022 Une petite description de la demande.<\/p>\n\n\n\n<p>3) Vous devez envoyer en pi\u00e8ce jointe :<br>\u2022 Une pi\u00e8ce d\u2019identit\u00e9 en cours de validit\u00e9, comme par exemple le passeport ;<br>\u2022 Un autoportrait (photo) tenant la pi\u00e8ce d\u2019identit\u00e9 \u00e0 la main, ouverte \u00e0 la page de la photo.<\/p>\n\n\n\n<p>\u26a0 <strong>IMPORTANT :<\/strong> Le processus du <strong>site internet<\/strong> est plus rapide et fiable que celui par <strong>e-mail<\/strong>.<\/p>\n\n\n\n<h2 class=\"wp-block-heading\">Comment faire mon CPF \u00e0 S\u00e3o Paulo ?<\/h2>\n\n\n\n<p>Il est possible de faire son CPF dans les locaux de la <em>Receita Federal<\/em> qui se trouvent au Shopping Light:<\/p>\n\n\n\n<p><span style=\"color: #cc3366;\"><strong>Adresse&nbsp;:<\/strong><\/span> <a rel=\"noreferrer noopener\" href=\"https:\/\/goo.gl\/maps\/FhgMyQqbX7mhhbYR8\" target=\"_blank\">Shopping Light<\/a> &#8211; Centre historique de S\u00e3o Paulo, pr\u00e8s&nbsp; du m\u00e9tro Anhangaba\u00fa (ligne rouge).<\/p>\n\n\n\n<p><span style=\"color: #cc3366;\"><strong>Horaires d\u2019ouverture&nbsp;:<\/strong><\/span> de 10h00&nbsp; \u00e0 14h00. Il faut prendre un rendez-vous sur le <a rel=\"noreferrer noopener\" href=\"https:\/\/servicos.receita.fazenda.gov.br\/Servicos\/saga\/agendamento\/RegrasAgendamento.aspx\" target=\"_blank\">site de la \u201cReceita Federal\u201d<\/a> ou par e-mail : <a href=\"mailto:equipecpf.rf08@rfb.gov.br\">equipecpf.rf08@rfb.gov.br<\/a>.<\/p>\n\n\n\n<p><span style=\"color: #cc3366;\"><strong>Tarif&nbsp;:<\/strong> <\/span>R$7,00 (Correios, Banco do Brasil ou Caixa Econ\u00f4mica Federal)<\/p>\n\n\n\n<p><strong>DOCUMENTS N\u00c9CESSAIRES<span style=\"color: #cc3366;\"> :&nbsp;<\/span><\/strong><\/p>\n\n\n\n<ul class=\"wp-block-list\">\n<li>Une pi\u00e8ce d\u00b4identit\u00e9 en cours de validit\u00e9 de votre pays d\u2019origine et&nbsp;&nbsp;sur lequel doit figurer le nom de vos parents, comme, par exemple, votre passeport; ou le RNM \u2013 <em>Registro Nacional Migrat\u00f3rio<\/em>; ou le protocole du RNM qui contient toutes vos donn\u00e9es.<\/li>\n<\/ul>\n\n\n\n<p><strong><em>OBSERVATION:<\/em><\/strong><\/p>\n\n\n\n<p>Si le nom de vos parents n&rsquo;appara\u00eet pas sur votre <strong>pi\u00e8ce d\u00b4identit\u00e9<\/strong>, alors vous devrez <strong>fournir un autre document<\/strong>, comme, par exemple, votre certificat de naissance.&nbsp;<\/p>\n\n\n\n<p>C\u00b4est une \u00e9tape obligatoire afin que les autorit\u00e9s puissent identifier correctement une personne qui aurait un homonyme.<\/p>\n\n\n<div class=\"wp-block-image\">\n<figure class=\"aligncenter size-large\"><a href=\"\/images\/blog\/wikimedia-viaduto-do-cha.jpg\"><img decoding=\"async\" src=\"\/images\/blog\/wikimedia-viaduto-do-cha.jpg\" alt=\"\"\/><\/a><figcaption class=\"wp-element-caption\">Shopping Light &#8211; Centre de S\u00e3o Paulo<\/figcaption><\/figure><\/div>\n\n\n<h2 class=\"wp-block-heading\">Comment faire mon CPF \u00e0 Rio de Janeiro ?<\/h2>\n\n\n\n<p>L&rsquo;inscription doit \u00eatre faite par le demandeur lui-m\u00eame directement au Minist\u00e9rio da Fazenda:<\/p>\n\n\n\n<p>Adresse : <a rel=\"noreferrer noopener\" href=\"https:\/\/goo.gl\/maps\/N3Esq6du58yuN4St5\" target=\"_blank\">Av. Presidente Ant\u00f4nio Carlos 375<\/a>, centre de&nbsp;Rio, pr\u00e8s du m\u00e9tro&nbsp;Carioca (lignes 1 ou 2).<\/p>\n\n\n\n<p><span style=\"color: #cc3366;\"><strong>Horaires d&rsquo;ouverture :<\/strong><\/span>&nbsp;de 09:00 \u00e0 13:00. Il faut prendre un rendez-vous sur le <a rel=\"noreferrer noopener\" href=\"https:\/\/servicos.receita.fazenda.gov.br\/Servicos\/saga\/agendamento\/RegrasAgendamento.aspx\" target=\"_blank\">site de la \u201cReceita Federal\u201d<\/a>.<\/p>\n\n\n\n<p><span style=\"color: #cc3366;\"><strong>Tarif :<\/strong><\/span>&nbsp;R$7,00 (Correios, Banco do Brasil ou Caixa Econ\u00f4mica Federal)<\/p>\n\n\n\n<p><span style=\"color: #cc3366;\"><strong><strong>DOCUMENTS N\u00c9CESSAIRES<span style=\"color: #cc3366;\"> :&nbsp;<\/span><\/strong><\/strong><\/span><\/p>\n\n\n\n<ul class=\"wp-block-list\">\n<li>Une pi\u00e8ce d\u00b4identit\u00e9 en cours de validit\u00e9 de votre pays d\u2019origine et&nbsp;&nbsp;sur lequel doit figurer le nom de vos parents, comme, par exemple, votre passeport; ou le RNM \u2013 <em>Registro Nacional Migrat\u00f3rio<\/em>; ou le protocole du RNM qui contient toutes vos donn\u00e9es.<\/li>\n<\/ul>\n\n\n\n<p><strong><em>OBSERVATION:<\/em><\/strong><\/p>\n\n\n\n<p>Si le nom de vos parents n&rsquo;appara\u00eet pas sur votre <strong>pi\u00e8ce d\u00b4identit\u00e9<\/strong>, alors vous devrez <strong>fournir un autre document<\/strong>, comme, par exemple, votre certificat de naissance.&nbsp;<\/p>\n\n\n\n<p>C\u00b4est une \u00e9tape obligatoire afin que les autorit\u00e9s puissent identifier correctement une personne qui aurait un homonyme.<\/p>\n\n\n<div class=\"wp-block-image\">\n<figure class=\"aligncenter size-large\"><a href=\"\/images\/blog\/wikimapia.org-ministerio-da-fazenda-rj.jpg\"><img decoding=\"async\" src=\"\/images\/blog\/wikimapia.org-ministerio-da-fazenda-rj.jpg\" alt=\"Secretaria da Fazenda - Rio de Janeiro\"\/><\/a><figcaption class=\"wp-element-caption\">Minist\u00e9rio&nbsp;da Fazenda &#8211; Centre de Rio de Janeiro<\/figcaption><\/figure><\/div>\n\n\n<h2 class=\"wp-block-heading\">Comment faire la demande d\u00b4un num\u00e9ro de CPF quand on est pas au Br\u00e9sil?<\/h2>\n\n\n\n<p>Afin de faire la demande d\u00b4un&nbsp; num\u00e9ro de CPF en dehors du Br\u00e9sil, la personne \u00e9trang\u00e8re doit se diriger au consulat le plus pr\u00e8s et fournir les documents demand\u00e9s. Voici la liste des consulats br\u00e9siliens : <a rel=\"noreferrer noopener\" href=\"https:\/\/pt.wikipedia.org\/wiki\/Miss%C3%B5es_diplom%C3%A1ticas_do_Brasil\" target=\"_blank\">ici<\/a>? et <a rel=\"noreferrer noopener\" href=\"https:\/\/sistemas.mre.gov.br\/kitweb\/datafiles\/Miami\/en-us\/file\/Brazilian%20Consular%20Offices.pdf\" target=\"_blank\">ici<\/a>?.<\/p>\n\n\n\n<figure class=\"wp-block-image size-large is-resized\"><a href=\"https:\/\/pt.wikipedia.org\/wiki\/Miss%C3%B5es_diplom%C3%A1ticas_do_Brasil\"><img decoding=\"async\" src=\"https:\/\/aprenda2.org\/blog\/portugues\/files\/2022\/04\/640px-Diplomatic_missions_of_Brazil.svg_-1.png\" alt=\"\" style=\"width:900px;height:undefinedpx\"\/><\/a><figcaption class=\"wp-element-caption\">Pays avec un service consulaire br\u00e9silien<\/figcaption><\/figure>\n\n\n\n<p><strong><strong>DOCUMENTS N\u00c9CESSAIRES<span style=\"color: #cc3366;\"> :&nbsp;<\/span><\/strong><\/strong><\/p>\n\n\n\n<ul class=\"wp-block-list\">\n<li>Remplir le <a rel=\"noreferrer noopener\" href=\"https:\/\/www.receita.fazenda.gov.br\/Aplicacoes\/ATCTA\/CpfEstrangeiro\/fcpfIng.asp\" target=\"_blank\">formulaire<\/a> ? de la \u201cReceita Federal do Brasil\u201d et demander un CPF \u00e0 l\u00b4\u00e9tranger. Apr\u00e8s l\u00b4avoir rempli, envoyer un e-mail \u00e0 <a rel=\"noreferrer noopener\" href=\"mailto:cpf.residente.exterior@rfb.gov.br\" target=\"_blank\">cpf.residente.exterior@rfb.gov.br<\/a> avec le PDF du formulaire et un autoportrait (selfie) tenant en main la pi\u00e8ce d&rsquo;identit\u00e9, photo visible.<\/li>\n\n\n\n<li>Une pi\u00e8ce d\u00b4identit\u00e9 en cours de validit\u00e9 de votre pays d\u2019origine et&nbsp;&nbsp;sur lequel doit figurer le nom de vos parents, comme, par exemple, votre passeport; ou le RNM \u2013 <em>Registro Nacional Migrat\u00f3rio<\/em>; ou le protocole du RNM qui contient toutes vos donn\u00e9es.<\/li>\n<\/ul>\n\n\n\n<p><strong><em>OBSERVATION:<\/em><\/strong><\/p>\n\n\n\n<p>Si le nom de vos parents n&rsquo;appara\u00eet pas sur votre <strong>pi\u00e8ce d\u00b4identit\u00e9<\/strong>, alors vous devrez <strong>fournir un autre document<\/strong>, comme, par exemple, votre certificat de naissance.&nbsp;<\/p>\n\n\n\n<p>C\u00b4est une \u00e9tape obligatoire afin que les autorit\u00e9s puissent identifier correctement une personne qui aurait un homonyme.<\/p>\n\n\n\n<h2 class=\"wp-block-heading\">Curiosit\u00e9s<\/h2>\n\n\n\n<h3 class=\"wp-block-heading\">Le num\u00e9ro RG n&rsquo;est pas unique sur le territoire national<\/h3>\n\n\n\n<p>Les personnes vivant au Br\u00e9sil poss\u00e8dent toutes un CPF : c\u2019est comme une deuxi\u00e8me carte d\u2019identit\u00e9 qui vient compl\u00e9ter leur RG (Registre G\u00e9n\u00e9ral), qui est la carte d\u2019identit\u00e9 officielle du citoyen br\u00e9silien.&nbsp; L\u2019utilisation du CPF est n\u00e9cessaire pour avoir une seule identification, puisque le num\u00e9ro RG n\u2019est pas unique sur tout le territoire. En effet, il est fourni individuellement par chaque r\u00e9gion administrative (=<em>estado<\/em>). Autrement dit, m\u00eame si le RG est un document national et contr\u00f4l\u00e9 par l\u2019\u00c9tat, il est possible que deux personnes aient le m\u00eame num\u00e9ro de RG ou qu\u2019une personne poss\u00e8de 26 num\u00e9ros RGs diff\u00e9rents, comme le montre un reportage de Folha de S. Paulo ci-dessous &nbsp;:<\/p>\n\n\n\n<figure class=\"wp-block-image alignnone\"><a href=\"https:\/\/www1.folha.uol.com.br\/infograficos\/2013\/10\/78566-a-farra-das-carteiras-de-identidade.shtml\" rel=\"noopener\"><img decoding=\"async\" src=\"https:\/\/aprenda2.org\/blog\/portugues\/files\/2015\/02\/farra-rgs-300x189.png\" alt=\"Conforme demonstrado pela reportagem da Folha de S. Paulo, uma mesma pessoa pode ter v\u00e1rios RGs\" class=\"wp-image-144\"\/><\/a><figcaption class=\"wp-element-caption\">Reportage de Folha de S. Paulo montrant qu\u2019une seule et m\u00eame personne peut avoir plusieurs RGs. Aussi incroyable que cela puisse para\u00eetre, cela n\u2019est pas interdit par la loi.<\/figcaption><\/figure>\n\n\n\n<h3 class=\"wp-block-heading\"><strong>Carteira Nacional de Identidade: la nouvelle pi\u00e8ce d\u00b4identit\u00e9 br\u00e9silienne<\/strong><\/h3>\n\n\n\n<p>Selon certains sp\u00e9cialistes, le fait que le RG soit d\u00e9centralis\u00e9 et ne soit pas contr\u00f4l\u00e9 par un syst\u00e8me central national le rend plus vuln\u00e9rable \u00e0 la fraude, facilitant les crimes d&rsquo;identit\u00e9. Afin de r\u00e9soudre ce probl\u00e8me, et apr\u00e8s des d\u00e9cennies d&rsquo;essais infructueux, le gouvernement f\u00e9d\u00e9ral lance en f\u00e9vrier 2022, par le <a rel=\"noreferrer noopener\" href=\"https:\/\/www.in.gov.br\/en\/web\/dou\/-\/decreto-n-10.977-de-23-de-fevereiro-de-2022-382332304\" target=\"_blank\">d\u00e9cret 10.977<\/a>, la <strong>carte nationale d&rsquo;identit\u00e9<\/strong> qui remplacera tous les RGs jusqu&rsquo;\u00e0 2032 et qui <strong>utilisera le CPF comme unique identifiant<\/strong>.<\/p>\n\n\n<div class=\"wp-block-image\">\n<figure class=\"aligncenter size-large\"><a href=\"https:\/\/aprenda2.org\/blog\/portugues\/files\/2015\/02\/ric.jpg\"><img decoding=\"async\" src=\"\/images\/blog\/novo-rg.png\" alt=\"RIC - Registro de Identidade Civil. Projeto que ainda n\u00e3o saiu do papel\"\/><\/a><figcaption class=\"wp-element-caption\">Le nouveau RG utilisera le num\u00e9ro de CPF comme identifiant<\/figcaption><\/figure><\/div>\n\n\n<h3 class=\"wp-block-heading\">Certificat num\u00e9rique e-CPF<\/h3>\n\n\n\n<p>Cela fait quelques ann\u00e9es d\u00e9j\u00e0 que le gouvernement a lanc\u00e9 le \u00ab<a title=\"E-CPF\" href=\"https:\/\/pt.wikipedia.org\/wiki\/E-CPF\">e-CPF<\/a>\u00bb, document \u00e9lectronique sous forme de certificat digital (ICP-Brasil) garantissant l\u2019authenticit\u00e9 et l\u2019int\u00e9grit\u00e9 de la communication entre les personnes physiques et le&nbsp;<em>Secretaria da Receita Federal&nbsp;<\/em>(SRF).&nbsp; Il fonctionne exactement comme une&nbsp; version digitale du CPF puisqu\u2019ils sont li\u00e9s entre eux. Le&nbsp;<em>e-CPF<\/em>&nbsp;sert, entre autres, \u00e0 faire des d\u00e9clarations de revenus et certains documents \u00e9lectroniques, gr\u00e2ce \u00e0 une signature digitale. Aussi, l\u2019utilisation du&nbsp;<em>e-CPF<\/em>&nbsp; se r\u00e9pand de plus en plus pour signer des contrats de change et pourra aussi servir pour certains accords bancaires.<\/p>\n\n\n\n<figure class=\"wp-block-image alignnone\"><a href=\"https:\/\/aprenda2.org\/blog\/portugues\/files\/2015\/02\/certificado1.png\"><img decoding=\"async\" src=\"https:\/\/aprenda2.org\/blog\/portugues\/files\/2015\/02\/certificado1.png\" alt=\"e-CPF, a vers\u00e3o eletr\u00f4nica do CPF (Certificado Digital)\" class=\"wp-image-143\"\/><\/a><figcaption class=\"wp-element-caption\">e-CPF, la version \u00e9lectronique du CPF (Certificat Digital)<\/figcaption><\/figure>\n\n\n\n<div style=\"height:68px\" aria-hidden=\"true\" class=\"wp-block-spacer\"><\/div>\n\n\n\n<h1 class=\"wp-block-heading\">\u00c0 propos de l&rsquo;Instituto aprenda\u00b2<\/h1>\n\n\n\n<h2 class=\"wp-block-heading\">Cours de portugais pour \u00e9trangers<\/h2>\n\n\n\n<p>La m\u00e9thode <a href=\"\/portugais\/\">ALEGRIA<\/a> pour l&rsquo;enseignement du portugais pour \u00e9trangers a \u00e9t\u00e9 con\u00e7u gr\u00e2ce au mariage de l\u2019exp\u00e9rience de notre co-fondatrice <a rel=\"noreferrer noopener\" href=\"\/audrey\/\" target=\"_blank\">Audrey Conjat<\/a>, une \u00e9trang\u00e8re expatri\u00e9e au Br\u00e9sil, et de l\u2019expertise p\u00e9dagogique de nos enseignants br\u00e9siliens, qui sortent des meilleures universit\u00e9s br\u00e9siliennes comme l&rsquo;<strong>USP<\/strong>, l&rsquo;<strong>UFRJ<\/strong>, l&rsquo;<strong>UNICAMP<\/strong>, la <strong>PUC<\/strong>&#8230;<\/p>\n\n\n\n<p>Et nous proposons \u00e9galement un cours de pr\u00e9paration au <a rel=\"noopener\" href=\"https:\/\/aprenda2.org\/blog\/francais\/l-examen-du-celpe-bras-qu-est-ce-que-c-est\/\" target=\"_blank\">CELPE-BRAS<\/a>, si vous \u00eates int\u00e9ress\u00e9s \u00e0 obtenir le dipl\u00f4me. <\/p>\n\n\n\n<p><strong>Nous contacter pour en savoir plus :<\/strong><br><strong>Email:<\/strong> <a rel=\"noreferrer noopener\" href=\"mailto:falecom@aprenda2.org\" target=\"_blank\">falecom@aprenda2.org<\/a><br><strong>WhatsApp:<\/strong> <a href=\"https:\/\/api.whatsapp.com\/send?phone=5511949390401&amp;text=Oi%21\">+55 11 9 4939 0401<\/a><\/p>\n\n\n<div class=\"wp-block-image\">\n<figure class=\"aligncenter size-large\"><a href=\"\/portugais\/\"><img decoding=\"async\" src=\"\/images\/blog\/fr-alegria-banner-1000x350.png\" alt=\"\"\/><\/a><\/figure><\/div>\n\n\n<h2 class=\"wp-block-heading\">Traduction ass\u00e9rment\u00e9e<\/h2>\n\n\n\n<p>La traduction ass\u00e9rment\u00e9e est une traduction faite par un traducteur publique, aussi appel\u00e9 traducteur ass\u00e9rment\u00e9. Il est qualifi\u00e9 dans une ou plusieurs langues \u00e9trang\u00e8res et le portugais, nomm\u00e9 et inscrit \u00e0 <a title=\"Junta comercial\" href=\"https:\/\/pt.wikipedia.org\/wiki\/Junta_comercial\">junta comercial<\/a>&nbsp;de son&nbsp;\u00e9tat de residence&nbsp;apr\u00e8s avoir pass\u00e9 un&nbsp;concours de la fonction publique.<br>Si vous le souhaitez, vous pouvez prendre connaissance de notre nouveau service de traductions : <a href=\"\/traductions\/\">www.aprenda2.org\/traductions<\/a><\/p>\n\n\n\n<div style=\"height:130px\" aria-hidden=\"true\" class=\"wp-block-spacer\"><\/div>\n\n\n\n<hr class=\"wp-block-separator has-css-opacity\"\/>\n\n\n\n<div style=\"height:50px\" aria-hidden=\"true\" class=\"wp-block-spacer\"><\/div>\n\n\n\n<p><em><strong>\u00c9crit par Alessandro Orefice et Marie-\u00c8ve Abran. Traduit par Audrey Conjat.<\/strong><\/em><\/p>\n\n\n\n<p><em>Fontes:&nbsp;<a title=\"CPF\" href=\"https:\/\/pt.wikipedia.org\/wiki\/Cadastro_de_pessoas_f%C3%ADsicas\" target=\"_blank\" rel=\"noopener\">Wikipedia<\/a>, <a title=\"FAQ CPF\" href=\"https:\/\/www.receita.fazenda.gov.br\/pessoafisica\/cpf\/perguntasrespostas\/perguntasrespostas.htm\" target=\"_blank\" rel=\"noopener\">Receita Federal do Brasil<\/a><\/em><\/p>\n\n\n\n<hr class=\"wp-block-separator has-alpha-channel-opacity\"\/>\n\n\n\n<div style=\"height:100px\" aria-hidden=\"true\" class=\"wp-block-spacer\"><\/div>\n\n\n\n<figure class=\"wp-block-embed is-type-video is-provider-youtube wp-block-embed-youtube wp-embed-aspect-16-9 wp-has-aspect-ratio\"><div class=\"wp-block-embed__wrapper\">\n<iframe loading=\"lazy\" title=\"Conhe\u00e7a a escola! Get to know the school!\" width=\"900\" height=\"506\" src=\"https:\/\/www.youtube.com\/embed\/kaBtDWTcGwY?feature=oembed\" frameborder=\"0\" allow=\"accelerometer; autoplay; clipboard-write; encrypted-media; gyroscope; picture-in-picture; web-share\" referrerpolicy=\"strict-origin-when-cross-origin\" allowfullscreen><\/iframe>\n<\/div><\/figure>\n","protected":false},"excerpt":{"rendered":"","protected":false},"author":1,"featured_media":324,"comment_status":"closed","ping_status":"open","sticky":false,"template":"","format":"standard","meta":{"footnotes":""},"categories":[2,4,6,7],"tags":[23,10,22,12,13,15,16,14,11],"class_list":["post-115","post","type-post","status-publish","format-standard","has-post-thumbnail","hentry","category-conseils-de-survie","category-portugais-pour-les-etrangers","category-rio-de-janeiro","category-sao-paulo","tag-aprenda2","tag-aprenda2-org","tag-blog-aprenda","tag-conseils-de-survie","tag-portugais-pour-les-etrangers","tag-rio","tag-rio-de-janeiro","tag-sao-paulo","tag-sp"],"_links":{"self":[{"href":"https:\/\/aprenda2.org\/blog\/francais\/wp-json\/wp\/v2\/posts\/115","targetHints":{"allow":["GET"]}}],"collection":[{"href":"https:\/\/aprenda2.org\/blog\/francais\/wp-json\/wp\/v2\/posts"}],"about":[{"href":"https:\/\/aprenda2.org\/blog\/francais\/wp-json\/wp\/v2\/types\/post"}],"author":[{"embeddable":true,"href":"https:\/\/aprenda2.org\/blog\/francais\/wp-json\/wp\/v2\/users\/1"}],"replies":[{"embeddable":true,"href":"https:\/\/aprenda2.org\/blog\/francais\/wp-json\/wp\/v2\/comments?post=115"}],"version-history":[{"count":48,"href":"https:\/\/aprenda2.org\/blog\/francais\/wp-json\/wp\/v2\/posts\/115\/revisions"}],"predecessor-version":[{"id":499,"href":"https:\/\/aprenda2.org\/blog\/francais\/wp-json\/wp\/v2\/posts\/115\/revisions\/499"}],"wp:featuredmedia":[{"embeddable":true,"href":"https:\/\/aprenda2.org\/blog\/francais\/wp-json\/wp\/v2\/media\/324"}],"wp:attachment":[{"href":"https:\/\/aprenda2.org\/blog\/francais\/wp-json\/wp\/v2\/media?parent=115"}],"wp:term":[{"taxonomy":"category","embeddable":true,"href":"https:\/\/aprenda2.org\/blog\/francais\/wp-json\/wp\/v2\/categories?post=115"},{"taxonomy":"post_tag","embeddable":true,"href":"https:\/\/aprenda2.org\/blog\/francais\/wp-json\/wp\/v2\/tags?post=115"}],"curies":[{"name":"wp","href":"https:\/\/api.w.org\/{rel}","templated":true}]}}